{"id":10499,"date":"2026-04-15T14:33:15","date_gmt":"2026-04-15T17:33:15","guid":{"rendered":"https:\/\/abosorocaba.com.br\/profissionais\/?p=10499"},"modified":"2026-04-15T14:36:26","modified_gmt":"2026-04-15T17:36:26","slug":"ortodontia-pre-protetica-na-reabilitacao-oral","status":"publish","type":"post","link":"https:\/\/abosorocaba.com.br\/profissionais\/ortodontia-pre-protetica-na-reabilitacao-oral\/","title":{"rendered":"Ortodontia pr\u00e9-prot\u00e9tica na reabilita\u00e7\u00e3o oral"},"content":{"rendered":"\t\t<div data-elementor-type=\"wp-post\" data-elementor-id=\"10499\" class=\"elementor elementor-10499\" data-elementor-post-type=\"post\">\n\t\t\t\t\t\t<section class=\"elementor-section elementor-top-section elementor-element elementor-element-18ad6338 elementor-section-boxed elementor-section-height-default elementor-section-height-default\" data-id=\"18ad6338\" data-element_type=\"section\" data-e-type=\"section\">\n\t\t\t\t\t\t<div class=\"elementor-container elementor-column-gap-default\">\n\t\t\t\t\t<div class=\"elementor-column elementor-col-100 elementor-top-column elementor-element elementor-element-1ce22c2c\" data-id=\"1ce22c2c\" data-element_type=\"column\" data-e-type=\"column\">\n\t\t\t<div class=\"elementor-widget-wrap elementor-element-populated\">\n\t\t\t\t\t\t<div class=\"elementor-element elementor-element-70c48f96 elementor-widget elementor-widget-text-editor\" data-id=\"70c48f96\" data-element_type=\"widget\" data-e-type=\"widget\" data-widget_type=\"text-editor.default\">\n\t\t\t\t<div class=\"elementor-widget-container\">\n\t\t\t\t\t\t\t\t\t<p>A ortodontia pr\u00e9-prot\u00e9tica na reabilita\u00e7\u00e3o oral representa o ponto de converg\u00eancia entre a biologia aplicada e a engenharia restauradora moderna.<\/p>\n<p>Para o cirurgi\u00e3o-dentista que busca elevar seu posicionamento no mercado, este conceito transcende o simples alinhamento dent\u00e1rio.<\/p>\n<p>Afinal, trata-se de uma ferramenta estrat\u00e9gica de planejamento reverso que permite transformar casos clinicamente limitados em resultados de alta previsibilidade e est\u00e9tica refinada.<\/p>\n<p>Contudo, no cen\u00e1rio competitivo atual, dominar essa integra\u00e7\u00e3o \u00e9 o que diferencia o cl\u00ednico geral do especialista que comanda reabilita\u00e7\u00f5es com alto ticket m\u00e9dio.<\/p>\n<p>Historicamente, muitos profissionais tentavam adaptar pr\u00f3teses a condi\u00e7\u00f5es dent\u00e1rias desfavor\u00e1veis, resultando em desgastes excessivos de estrutura sadia ou eixos de inser\u00e7\u00e3o comprometidos.<\/p>\n<p>Entretanto, atrav\u00e9s da prepara\u00e7\u00e3o ortod\u00f4ntica, o reabilitador deixa de ser um &#8220;ref\u00e9m&#8221; da anatomia residual do paciente para se tornar o arquiteto de um novo sorriso, fundamentado em princ\u00edpios de oclus\u00e3o funcional e harmonia periodontal.<\/p>\n<p>Por isso, \u00e9 importante entender todos os processos e ser uma refer\u00eancia na \u00e1rea. Leia o nosso conte\u00fado completo e comece a mudan\u00e7a que voc\u00ea deseja na sua carreira. Boa leitura.<\/p>\n<h2><b>Atua\u00e7\u00e3o multidisciplinar: o ecossistema do sucesso cl\u00ednico<\/b><\/h2>\n<p>O sucesso da ortodontia pr\u00e9-prot\u00e9tica na reabilita\u00e7\u00e3o oral depende intrinsecamente de uma comunica\u00e7\u00e3o fluida entre as especialidades.<\/p>\n<p>N\u00e3o se trata de um tratamento isolado, mas de uma orquestra\u00e7\u00e3o onde o protesista define o objetivo final e o ortodontista prepara o terreno.<\/p>\n<p>Nesta din\u00e2mica, a interdisciplinaridade manifesta-se em diversas frentes:<\/p>\n<h3><b>Periodontia e Ortodontia <\/b><\/h3>\n<p>A movimenta\u00e7\u00e3o dent\u00e1ria em pacientes adultos exige um periodonto de sustenta\u00e7\u00e3o saud\u00e1vel.<\/p>\n<p>Al\u00e9m disso, a ortodontia \u00e9 capaz de nivelar cristas \u00f3sseas e melhorar o contorno gengival, facilitando a manuten\u00e7\u00e3o da sa\u00fade pelo paciente.<\/p>\n<h3><b>Implantodontia e Ortodontia<\/b><\/h3>\n<p>O posicionamento radicular ortod\u00f4ntico \u00e9 crucial para garantir o espa\u00e7o adequado para a instala\u00e7\u00e3o de implantes, evitando danos \u00e0s ra\u00edzes adjacentes e permitindo a emerg\u00eancia prot\u00e9tica ideal.<\/p>\n<h3><b>Fluxo Digital<\/b><\/h3>\n<p>O uso de escaneamento intraoral e o Planejamento Digital do Sorriso (DSD) permitem que toda a equipe visualize o resultado final antes mesmo da instala\u00e7\u00e3o do primeiro br\u00e1quete ou alinhador.<\/p>\n<h2><b>Principais benef\u00edcios e indica\u00e7\u00f5es da ortodontia <\/b><b>Pr\u00e9<\/b><b>-Prot\u00e9tica<\/b><\/h2>\n<p>A aplica\u00e7\u00e3o da ortodontia pr\u00e9-prot\u00e9tica na reabilita\u00e7\u00e3o oral \u00e9 indicada em uma vasta gama de desafios cl\u00ednicos.<\/p>\n<p>Por isso, compreender essas indica\u00e7\u00f5es \u00e9 fundamental para que o dentista possa oferecer o melhor plano de tratamento, aumentando a percep\u00e7\u00e3o de valor pelo paciente.<\/p>\n<h3><b>Verticaliza\u00e7\u00e3o de Molares (<\/b><b>Uprighting<\/b><b>)<\/b><\/h3>\n<p>A perda precoce de dentes permanentes (frequentemente o primeiro molar inferior) leva \u00e0 inclina\u00e7\u00e3o mesial do dente posterior.<\/p>\n<p>Essa condi\u00e7\u00e3o gera defeitos \u00f3sseos angulares e dificulta a higieniza\u00e7\u00e3o.<\/p>\n<p>A verticaliza\u00e7\u00e3o ortod\u00f4ntica corrige a inclina\u00e7\u00e3o, elimina a pseudobolsa periodontal e cria o espa\u00e7o necess\u00e1rio para uma pr\u00f3tese ou implante com for\u00e7as direcionadas ao longo eixo do dente.<\/p>\n<h3><b>Intrus\u00e3o de Dentes <\/b><b>Extru\u00eddos<\/b><\/h3>\n<p>Dentes sem antagonistas tendem a extruir, invadindo o espa\u00e7o prot\u00e9tico oposto e rompendo a curva de Spee.<\/p>\n<p>Antigamente, a solu\u00e7\u00e3o era o desgaste coron\u00e1rio severo com tratamento endod\u00f4ntico e n\u00facleo.<\/p>\n<p>Hoje, com a ancoragem esquel\u00e9tica (mini-implantes), realizamos a intrus\u00e3o biol\u00f3gica, preservando a vitalidade e a estrutura do dente.<\/p>\n<h3><b>Nivelamento das par\u00e1bolas gengivais<\/b><\/h3>\n<p>Em reabilita\u00e7\u00f5es anteriores, a &#8220;est\u00e9tica rosa&#8221; \u00e9 o que define o sucesso. Dentes em posi\u00e7\u00f5es infra ou supra-\u00f3sseas geram margens gengivais desalinhadas.<\/p>\n<p>A movimenta\u00e7\u00e3o ortod\u00f4ntica pr\u00e9via nivela essas margens, garantindo que as coroas cer\u00e2micas finais tenham simetria e harmonia visual.<\/p>\n<h3><b>Redistribui\u00e7\u00e3o de espa\u00e7os<\/b><\/h3>\n<p>Diastemas generalizados ou apinhamentos impedem a confec\u00e7\u00e3o de facetas ou coroas com propor\u00e7\u00f5es \u00e1ureas.<\/p>\n<p>A ortodontia redistribui esses espa\u00e7os de forma que o protesista possa trabalhar com dentes de largura e altura anatomicamente corretas.<\/p>\n<h3><b>Considera\u00e7\u00f5es sobre a longevidade das reabilita\u00e7\u00f5es<\/b><\/h3>\n<p>\u00c9 imperativo ressaltar que a longevidade de qualquer trabalho prot\u00e9tico est\u00e1 ligada ao controle das for\u00e7as oclusais.<\/p>\n<p>A ortodontia pr\u00e9-prot\u00e9tica na reabilita\u00e7\u00e3o oral garante que as cargas mastigat\u00f3rias sejam dissipadas de forma fisiol\u00f3gica.<\/p>\n<p>Quando ignoramos o posicionamento radicular, estamos condenando a pr\u00f3tese a falhas mec\u00e2nicas precoces.<\/p>\n<p>Al\u00e9m disso, a preserva\u00e7\u00e3o tecidual permitida pela ortodontia \u00e9 um argumento de venda poderoso.<\/p>\n<p>O paciente moderno busca tratamentos conservadores e &#8220;minimamente invasivos&#8221;.<\/p>\n<p>Por isso, explicar que um breve tratamento ortod\u00f4ntico evitar\u00e1 o desgaste de seus dentes naturais \u00e9 uma demonstra\u00e7\u00e3o de \u00e9tica e alta compet\u00eancia t\u00e9cnica.<\/p>\n<h2><b>Transformando a carreira em ortodontia atrav\u00e9s do conhecimento <\/b><\/h2>\n<p>A transi\u00e7\u00e3o de um dentista para o status de refer\u00eancia na \u00e1rea n\u00e3o acontece por acaso; ela \u00e9 fruto de uma forma\u00e7\u00e3o s\u00f3lida e cont\u00ednua.<\/p>\n<p>Consequentemente, o aumento de conhecimento, pode trazer benef\u00edcios como:<\/p>\n<ul>\n<li>\n<h3><b>Aumento do Ticket M\u00e9dio<\/b><\/h3>\n<\/li>\n<\/ul>\n<p>Casos complexos que exigem planejamento interdisciplinar naturalmente possuem um valor agregado maior. O paciente compreende que est\u00e1 investindo em uma solu\u00e7\u00e3o definitiva e personalizada.<\/p>\n<ul>\n<li>\n<h3><b>Autoridade <\/b><\/h3>\n<\/li>\n<\/ul>\n<p>Ao resolver casos que outros profissionais considerariam &#8220;imposs\u00edveis&#8221; ou &#8220;limitados&#8221;, o dentista torna-se refer\u00eancia para encaminhamentos e consultas de segunda opini\u00e3o.<\/p>\n<ul>\n<li>\n<h3><b>Redu\u00e7\u00e3o de retrabalho<\/b><\/h3>\n<\/li>\n<\/ul>\n<p>A correta posi\u00e7\u00e3o dent\u00e1ria reduz a incid\u00eancia de fraturas de cer\u00e2mica, soltura de parafusos e inflama\u00e7\u00f5es gengivais cr\u00f4nicas, garantindo a satisfa\u00e7\u00e3o do paciente a longo prazo.<\/p>\n<h2><b>O futuro da sua profiss\u00e3o come\u00e7a aqui<\/b><\/h2>\n<p>A odontologia de excel\u00eancia n\u00e3o admite mais o trabalho em silos isolados. A integra\u00e7\u00e3o proposta pela ortodontia pr\u00e9-prot\u00e9tica na reabilita\u00e7\u00e3o oral \u00e9 o caminho sem volta para quem deseja o topo da profiss\u00e3o.<\/p>\n<p>Sendo assim, o dom\u00ednio da biomec\u00e2nica, o entendimento da biologia periodontal e a vis\u00e3o est\u00e9tica da pr\u00f3tese s\u00e3o as ferramentas que colocar\u00e3o voc\u00ea em destaque.<\/p>\n<p>Portanto, n\u00e3o se contente com resultados medianos quando a excel\u00eancia est\u00e1 ao seu alcance atrav\u00e9s da especializa\u00e7\u00e3o cont\u00ednua.<\/p>\n<p>Por isso, a <a href=\"https:\/\/abosorocaba.com.br\/profissionais\/\" target=\"_blank\" rel=\"noopener\">ABO Sorocaba<\/a> tem sido, ao longo de d\u00e9cadas, o pilar de transforma\u00e7\u00e3o para in\u00fameros profissionais que buscam excel\u00eancia t\u00e9cnica e valoriza\u00e7\u00e3o profissional.<\/p>\n<p>Nossos cursos de especializa\u00e7\u00e3o em Ortodontia e Pr\u00f3tese Dent\u00e1ria s\u00e3o estruturados para capacitar o aluno a realizar a ortodontia pr\u00e9-prot\u00e9tica na reabilita\u00e7\u00e3o oral com total seguran\u00e7a.<\/p>\n<p>Al\u00e9m disso, oferecemos uma infraestrutura de ponta e um corpo docente que vive a realidade do consult\u00f3rio, unindo a evid\u00eancia cient\u00edfica \u00e0 praticidade cl\u00ednica.<\/p>\n<p>\u00c9 este ambiente que permite ao dentista rec\u00e9m-formado acelerar sua curva de aprendizado e ao veterano reciclar seus conceitos para a era digital.<\/p>\n<p>Afinal, a nossa miss\u00e3o \u00e9 continuar provendo o conhecimento t\u00e9cnico e a experi\u00eancia pr\u00e1tica necess\u00e1ria para que voc\u00ea possa diagnosticar, planejar e executar tratamentos de alto n\u00edvel, elevando o padr\u00e3o da odontologia e transformando sua vida profissional.<\/p>\n<p>Voc\u00ea est\u00e1 pronto para elevar o n\u00edvel dos seus tratamentos e transformar sua carreira?<\/p>\n<p>Consulte agora a agenda de cursos de p\u00f3s-gradua\u00e7\u00e3o e especializa\u00e7\u00e3o da ABO Sorocaba.<\/p>\n<p>Venha aprender com quem \u00e9 refer\u00eancia no ensino odontol\u00f3gico e descubra como a ortodontia pr\u00e9-prot\u00e9tica na reabilita\u00e7\u00e3o oral pode ser o grande diferencial do seu consult\u00f3rio.<\/p>\n<p><a href=\"https:\/\/wa.me\/5515988088914?text=Ol%C3%A1.%20Vim%20do%20blog%20e%20gostaria%20de%20saber%20sobre%20o%20Curso%20de%20Especializa%C3%A7%C3%A3o%20em%20Ortodontia.%20%0A\" target=\"_blank\" rel=\"noopener\"><img fetchpriority=\"high\" decoding=\"async\" class=\"alignnone wp-image-10502 size-full\" src=\"https:\/\/abosorocaba.com.br\/profissionais\/wp-content\/uploads\/2026\/04\/ABOSOROCABA_DENTISTAS_CTA_BLOG_09_ORTODONTIA_V1_KETELIN.png\" alt=\"ortodontia pr\u00e9-prot\u00e9tica\" width=\"1623\" height=\"453\" srcset=\"https:\/\/abosorocaba.com.br\/profissionais\/wp-content\/uploads\/2026\/04\/ABOSOROCABA_DENTISTAS_CTA_BLOG_09_ORTODONTIA_V1_KETELIN.png 1623w, https:\/\/abosorocaba.com.br\/profissionais\/wp-content\/uploads\/2026\/04\/ABOSOROCABA_DENTISTAS_CTA_BLOG_09_ORTODONTIA_V1_KETELIN-300x84.png 300w, https:\/\/abosorocaba.com.br\/profissionais\/wp-content\/uploads\/2026\/04\/ABOSOROCABA_DENTISTAS_CTA_BLOG_09_ORTODONTIA_V1_KETELIN-1024x286.png 1024w, https:\/\/abosorocaba.com.br\/profissionais\/wp-content\/uploads\/2026\/04\/ABOSOROCABA_DENTISTAS_CTA_BLOG_09_ORTODONTIA_V1_KETELIN-768x214.png 768w, https:\/\/abosorocaba.com.br\/profissionais\/wp-content\/uploads\/2026\/04\/ABOSOROCABA_DENTISTAS_CTA_BLOG_09_ORTODONTIA_V1_KETELIN-1536x429.png 1536w\" sizes=\"(max-width: 1623px) 100vw, 1623px\" \/><\/a><\/p>\t\t\t\t\t\t\t\t<\/div>\n\t\t\t\t<\/div>\n\t\t\t\t\t<\/div>\n\t\t<\/div>\n\t\t\t\t\t<\/div>\n\t\t<\/section>\n\t\t\t\t<\/div>\n\t\t","protected":false},"excerpt":{"rendered":"<p>A ortodontia pr\u00e9-prot\u00e9tica na reabilita\u00e7\u00e3o oral representa o ponto de converg\u00eancia entre a biologia aplicada e a engenharia restauradora moderna. Para o cirurgi\u00e3o-dentista que busca elevar seu posicionamento no mercado, este conceito transcende o simples alinhamento dent\u00e1rio. Afinal, trata-se de uma ferramenta estrat\u00e9gica de planejamento reverso que permite transformar casos clinicamente limitados em resultados de [&hellip;]<\/p>\n","protected":false},"author":1,"featured_media":10500,"comment_status":"closed","ping_status":"closed","sticky":false,"template":"","format":"standard","meta":{"footnotes":""},"categories":[1],"tags":[23,26,19,27,25,21,20,28,24,17],"class_list":["post-10499","post","type-post","status-publish","format-standard","has-post-thumbnail","hentry","category-sem-categoria","tag-abo","tag-alinhadores","tag-botox","tag-especializacao","tag-estetica","tag-harmonizacao-orofacial","tag-hof","tag-ortodontia","tag-sorocaba","tag-toxina-botulinica"],"yoast_head":"<!-- This site is optimized with the Yoast SEO plugin v27.5 - https:\/\/yoast.com\/product\/yoast-seo-wordpress\/ -->\n<title>Ortodontia pr\u00e9-prot\u00e9tica na reabilita\u00e7\u00e3o oral - ABO Sorocaba<\/title>\n<meta name=\"description\" content=\"A ortodontia pr\u00e9-prot\u00e9tica na reabilita\u00e7\u00e3o oral representa uma ferramenta estrat\u00e9gica para o profissional. Saiba mais a respeito.\" \/>\n<meta name=\"robots\" content=\"index, follow, max-snippet:-1, max-image-preview:large, max-video-preview:-1\" \/>\n<link rel=\"canonical\" href=\"https:\/\/abosorocaba.com.br\/profissionais\/ortodontia-pre-protetica-na-reabilitacao-oral\/\" \/>\n<meta property=\"og:locale\" content=\"pt_BR\" \/>\n<meta property=\"og:type\" content=\"article\" \/>\n<meta property=\"og:title\" content=\"Ortodontia pr\u00e9-prot\u00e9tica na reabilita\u00e7\u00e3o oral - ABO Sorocaba\" \/>\n<meta property=\"og:description\" content=\"A ortodontia pr\u00e9-prot\u00e9tica na reabilita\u00e7\u00e3o oral representa uma ferramenta estrat\u00e9gica para o profissional. Saiba mais a respeito.\" \/>\n<meta property=\"og:url\" content=\"https:\/\/abosorocaba.com.br\/profissionais\/ortodontia-pre-protetica-na-reabilitacao-oral\/\" \/>\n<meta property=\"og:site_name\" content=\"ABO Sorocaba\" \/>\n<meta property=\"article:published_time\" content=\"2026-04-15T17:33:15+00:00\" \/>\n<meta property=\"article:modified_time\" content=\"2026-04-15T17:36:26+00:00\" \/>\n<meta property=\"og:image\" content=\"https:\/\/abosorocaba.com.br\/profissionais\/wp-content\/uploads\/2026\/04\/ABOSOROCABA_DENTISTAS_THUMB_BLOG_09_ORTODONTIA_V1_KETELIN.png\" \/>\n\t<meta property=\"og:image:width\" content=\"850\" \/>\n\t<meta property=\"og:image:height\" content=\"350\" \/>\n\t<meta property=\"og:image:type\" content=\"image\/png\" \/>\n<meta name=\"author\" content=\"admin\" \/>\n<meta name=\"twitter:card\" content=\"summary_large_image\" \/>\n<meta name=\"twitter:label1\" content=\"Escrito por\" \/>\n\t<meta name=\"twitter:data1\" content=\"admin\" \/>\n\t<meta name=\"twitter:label2\" content=\"Est. tempo de leitura\" \/>\n\t<meta name=\"twitter:data2\" content=\"7 minutos\" \/>\n<script type=\"application\/ld+json\" class=\"yoast-schema-graph\">{\"@context\":\"https:\\\/\\\/schema.org\",\"@graph\":[{\"@type\":\"Article\",\"@id\":\"https:\\\/\\\/abosorocaba.com.br\\\/profissionais\\\/ortodontia-pre-protetica-na-reabilitacao-oral\\\/#article\",\"isPartOf\":{\"@id\":\"https:\\\/\\\/abosorocaba.com.br\\\/profissionais\\\/ortodontia-pre-protetica-na-reabilitacao-oral\\\/\"},\"author\":{\"name\":\"admin\",\"@id\":\"https:\\\/\\\/abosorocaba.com.br\\\/profissionais\\\/#\\\/schema\\\/person\\\/a1f19a4f529074adef6f32a26fb9a645\"},\"headline\":\"Ortodontia pr\u00e9-prot\u00e9tica na reabilita\u00e7\u00e3o oral\",\"datePublished\":\"2026-04-15T17:33:15+00:00\",\"dateModified\":\"2026-04-15T17:36:26+00:00\",\"mainEntityOfPage\":{\"@id\":\"https:\\\/\\\/abosorocaba.com.br\\\/profissionais\\\/ortodontia-pre-protetica-na-reabilitacao-oral\\\/\"},\"wordCount\":1245,\"publisher\":{\"@id\":\"https:\\\/\\\/abosorocaba.com.br\\\/profissionais\\\/#organization\"},\"image\":{\"@id\":\"https:\\\/\\\/abosorocaba.com.br\\\/profissionais\\\/ortodontia-pre-protetica-na-reabilitacao-oral\\\/#primaryimage\"},\"thumbnailUrl\":\"https:\\\/\\\/abosorocaba.com.br\\\/profissionais\\\/wp-content\\\/uploads\\\/2026\\\/04\\\/ABOSOROCABA_DENTISTAS_THUMB_BLOG_09_ORTODONTIA_V1_KETELIN.png\",\"keywords\":[\"abo\",\"alinhadores\",\"botox\",\"especializa\u00e7\u00e3o\",\"est\u00e9tica\",\"harmoniza\u00e7\u00e3o orofacial\",\"hof\",\"ortodontia\",\"sorocaba\",\"toxina botul\u00ednica\"],\"inLanguage\":\"pt-BR\"},{\"@type\":\"WebPage\",\"@id\":\"https:\\\/\\\/abosorocaba.com.br\\\/profissionais\\\/ortodontia-pre-protetica-na-reabilitacao-oral\\\/\",\"url\":\"https:\\\/\\\/abosorocaba.com.br\\\/profissionais\\\/ortodontia-pre-protetica-na-reabilitacao-oral\\\/\",\"name\":\"Ortodontia pr\u00e9-prot\u00e9tica na reabilita\u00e7\u00e3o oral - ABO Sorocaba\",\"isPartOf\":{\"@id\":\"https:\\\/\\\/abosorocaba.com.br\\\/profissionais\\\/#website\"},\"primaryImageOfPage\":{\"@id\":\"https:\\\/\\\/abosorocaba.com.br\\\/profissionais\\\/ortodontia-pre-protetica-na-reabilitacao-oral\\\/#primaryimage\"},\"image\":{\"@id\":\"https:\\\/\\\/abosorocaba.com.br\\\/profissionais\\\/ortodontia-pre-protetica-na-reabilitacao-oral\\\/#primaryimage\"},\"thumbnailUrl\":\"https:\\\/\\\/abosorocaba.com.br\\\/profissionais\\\/wp-content\\\/uploads\\\/2026\\\/04\\\/ABOSOROCABA_DENTISTAS_THUMB_BLOG_09_ORTODONTIA_V1_KETELIN.png\",\"datePublished\":\"2026-04-15T17:33:15+00:00\",\"dateModified\":\"2026-04-15T17:36:26+00:00\",\"description\":\"A ortodontia pr\u00e9-prot\u00e9tica na reabilita\u00e7\u00e3o oral representa uma ferramenta estrat\u00e9gica para o profissional. Saiba mais a respeito.\",\"breadcrumb\":{\"@id\":\"https:\\\/\\\/abosorocaba.com.br\\\/profissionais\\\/ortodontia-pre-protetica-na-reabilitacao-oral\\\/#breadcrumb\"},\"inLanguage\":\"pt-BR\",\"potentialAction\":[{\"@type\":\"ReadAction\",\"target\":[\"https:\\\/\\\/abosorocaba.com.br\\\/profissionais\\\/ortodontia-pre-protetica-na-reabilitacao-oral\\\/\"]}]},{\"@type\":\"ImageObject\",\"inLanguage\":\"pt-BR\",\"@id\":\"https:\\\/\\\/abosorocaba.com.br\\\/profissionais\\\/ortodontia-pre-protetica-na-reabilitacao-oral\\\/#primaryimage\",\"url\":\"https:\\\/\\\/abosorocaba.com.br\\\/profissionais\\\/wp-content\\\/uploads\\\/2026\\\/04\\\/ABOSOROCABA_DENTISTAS_THUMB_BLOG_09_ORTODONTIA_V1_KETELIN.png\",\"contentUrl\":\"https:\\\/\\\/abosorocaba.com.br\\\/profissionais\\\/wp-content\\\/uploads\\\/2026\\\/04\\\/ABOSOROCABA_DENTISTAS_THUMB_BLOG_09_ORTODONTIA_V1_KETELIN.png\",\"width\":850,\"height\":350,\"caption\":\"ortodontia pr\u00e9-protetica\"},{\"@type\":\"BreadcrumbList\",\"@id\":\"https:\\\/\\\/abosorocaba.com.br\\\/profissionais\\\/ortodontia-pre-protetica-na-reabilitacao-oral\\\/#breadcrumb\",\"itemListElement\":[{\"@type\":\"ListItem\",\"position\":1,\"name\":\"In\u00edcio\",\"item\":\"https:\\\/\\\/abosorocaba.com.br\\\/profissionais\\\/\"},{\"@type\":\"ListItem\",\"position\":2,\"name\":\"Ortodontia pr\u00e9-prot\u00e9tica na reabilita\u00e7\u00e3o oral\"}]},{\"@type\":\"WebSite\",\"@id\":\"https:\\\/\\\/abosorocaba.com.br\\\/profissionais\\\/#website\",\"url\":\"https:\\\/\\\/abosorocaba.com.br\\\/profissionais\\\/\",\"name\":\"ABO Sorocaba\",\"description\":\"Cursos para profissionais de odontologia\",\"publisher\":{\"@id\":\"https:\\\/\\\/abosorocaba.com.br\\\/profissionais\\\/#organization\"},\"potentialAction\":[{\"@type\":\"SearchAction\",\"target\":{\"@type\":\"EntryPoint\",\"urlTemplate\":\"https:\\\/\\\/abosorocaba.com.br\\\/profissionais\\\/?s={search_term_string}\"},\"query-input\":{\"@type\":\"PropertyValueSpecification\",\"valueRequired\":true,\"valueName\":\"search_term_string\"}}],\"inLanguage\":\"pt-BR\"},{\"@type\":\"Organization\",\"@id\":\"https:\\\/\\\/abosorocaba.com.br\\\/profissionais\\\/#organization\",\"name\":\"ABO SOROCABA\",\"url\":\"https:\\\/\\\/abosorocaba.com.br\\\/profissionais\\\/\",\"logo\":{\"@type\":\"ImageObject\",\"inLanguage\":\"pt-BR\",\"@id\":\"https:\\\/\\\/abosorocaba.com.br\\\/profissionais\\\/#\\\/schema\\\/logo\\\/image\\\/\",\"url\":\"https:\\\/\\\/abosorocaba.com.br\\\/profissionais\\\/wp-content\\\/uploads\\\/2020\\\/09\\\/logo-abo-sorocaba.png\",\"contentUrl\":\"https:\\\/\\\/abosorocaba.com.br\\\/profissionais\\\/wp-content\\\/uploads\\\/2020\\\/09\\\/logo-abo-sorocaba.png\",\"width\":130,\"height\":65,\"caption\":\"ABO SOROCABA\"},\"image\":{\"@id\":\"https:\\\/\\\/abosorocaba.com.br\\\/profissionais\\\/#\\\/schema\\\/logo\\\/image\\\/\"}},{\"@type\":\"Person\",\"@id\":\"https:\\\/\\\/abosorocaba.com.br\\\/profissionais\\\/#\\\/schema\\\/person\\\/a1f19a4f529074adef6f32a26fb9a645\",\"name\":\"admin\",\"image\":{\"@type\":\"ImageObject\",\"inLanguage\":\"pt-BR\",\"@id\":\"https:\\\/\\\/secure.gravatar.com\\\/avatar\\\/0e2c3a8014580fc997a980dc341023f0b20296f2ac68a8f2e29ea4242ad6a404?s=96&d=mm&r=g\",\"url\":\"https:\\\/\\\/secure.gravatar.com\\\/avatar\\\/0e2c3a8014580fc997a980dc341023f0b20296f2ac68a8f2e29ea4242ad6a404?s=96&d=mm&r=g\",\"contentUrl\":\"https:\\\/\\\/secure.gravatar.com\\\/avatar\\\/0e2c3a8014580fc997a980dc341023f0b20296f2ac68a8f2e29ea4242ad6a404?s=96&d=mm&r=g\",\"caption\":\"admin\"},\"sameAs\":[\"https:\\\/\\\/abosorocaba.com.br\\\/profissionais\\\/abo-site-2020\"],\"url\":\"https:\\\/\\\/abosorocaba.com.br\\\/profissionais\\\/author\\\/admin\\\/\"}]}<\/script>\n<!-- \/ Yoast SEO plugin. -->","yoast_head_json":{"title":"Ortodontia pr\u00e9-prot\u00e9tica na reabilita\u00e7\u00e3o oral - ABO Sorocaba","description":"A ortodontia pr\u00e9-prot\u00e9tica na reabilita\u00e7\u00e3o oral representa uma ferramenta estrat\u00e9gica para o profissional. Saiba mais a respeito.","robots":{"index":"index","follow":"follow","max-snippet":"max-snippet:-1","max-image-preview":"max-image-preview:large","max-video-preview":"max-video-preview:-1"},"canonical":"https:\/\/abosorocaba.com.br\/profissionais\/ortodontia-pre-protetica-na-reabilitacao-oral\/","og_locale":"pt_BR","og_type":"article","og_title":"Ortodontia pr\u00e9-prot\u00e9tica na reabilita\u00e7\u00e3o oral - ABO Sorocaba","og_description":"A ortodontia pr\u00e9-prot\u00e9tica na reabilita\u00e7\u00e3o oral representa uma ferramenta estrat\u00e9gica para o profissional. Saiba mais a respeito.","og_url":"https:\/\/abosorocaba.com.br\/profissionais\/ortodontia-pre-protetica-na-reabilitacao-oral\/","og_site_name":"ABO Sorocaba","article_published_time":"2026-04-15T17:33:15+00:00","article_modified_time":"2026-04-15T17:36:26+00:00","og_image":[{"width":850,"height":350,"url":"https:\/\/abosorocaba.com.br\/profissionais\/wp-content\/uploads\/2026\/04\/ABOSOROCABA_DENTISTAS_THUMB_BLOG_09_ORTODONTIA_V1_KETELIN.png","type":"image\/png"}],"author":"admin","twitter_card":"summary_large_image","twitter_misc":{"Escrito por":"admin","Est. tempo de leitura":"7 minutos"},"schema":{"@context":"https:\/\/schema.org","@graph":[{"@type":"Article","@id":"https:\/\/abosorocaba.com.br\/profissionais\/ortodontia-pre-protetica-na-reabilitacao-oral\/#article","isPartOf":{"@id":"https:\/\/abosorocaba.com.br\/profissionais\/ortodontia-pre-protetica-na-reabilitacao-oral\/"},"author":{"name":"admin","@id":"https:\/\/abosorocaba.com.br\/profissionais\/#\/schema\/person\/a1f19a4f529074adef6f32a26fb9a645"},"headline":"Ortodontia pr\u00e9-prot\u00e9tica na reabilita\u00e7\u00e3o oral","datePublished":"2026-04-15T17:33:15+00:00","dateModified":"2026-04-15T17:36:26+00:00","mainEntityOfPage":{"@id":"https:\/\/abosorocaba.com.br\/profissionais\/ortodontia-pre-protetica-na-reabilitacao-oral\/"},"wordCount":1245,"publisher":{"@id":"https:\/\/abosorocaba.com.br\/profissionais\/#organization"},"image":{"@id":"https:\/\/abosorocaba.com.br\/profissionais\/ortodontia-pre-protetica-na-reabilitacao-oral\/#primaryimage"},"thumbnailUrl":"https:\/\/abosorocaba.com.br\/profissionais\/wp-content\/uploads\/2026\/04\/ABOSOROCABA_DENTISTAS_THUMB_BLOG_09_ORTODONTIA_V1_KETELIN.png","keywords":["abo","alinhadores","botox","especializa\u00e7\u00e3o","est\u00e9tica","harmoniza\u00e7\u00e3o orofacial","hof","ortodontia","sorocaba","toxina botul\u00ednica"],"inLanguage":"pt-BR"},{"@type":"WebPage","@id":"https:\/\/abosorocaba.com.br\/profissionais\/ortodontia-pre-protetica-na-reabilitacao-oral\/","url":"https:\/\/abosorocaba.com.br\/profissionais\/ortodontia-pre-protetica-na-reabilitacao-oral\/","name":"Ortodontia pr\u00e9-prot\u00e9tica na reabilita\u00e7\u00e3o oral - ABO Sorocaba","isPartOf":{"@id":"https:\/\/abosorocaba.com.br\/profissionais\/#website"},"primaryImageOfPage":{"@id":"https:\/\/abosorocaba.com.br\/profissionais\/ortodontia-pre-protetica-na-reabilitacao-oral\/#primaryimage"},"image":{"@id":"https:\/\/abosorocaba.com.br\/profissionais\/ortodontia-pre-protetica-na-reabilitacao-oral\/#primaryimage"},"thumbnailUrl":"https:\/\/abosorocaba.com.br\/profissionais\/wp-content\/uploads\/2026\/04\/ABOSOROCABA_DENTISTAS_THUMB_BLOG_09_ORTODONTIA_V1_KETELIN.png","datePublished":"2026-04-15T17:33:15+00:00","dateModified":"2026-04-15T17:36:26+00:00","description":"A ortodontia pr\u00e9-prot\u00e9tica na reabilita\u00e7\u00e3o oral representa uma ferramenta estrat\u00e9gica para o profissional. Saiba mais a respeito.","breadcrumb":{"@id":"https:\/\/abosorocaba.com.br\/profissionais\/ortodontia-pre-protetica-na-reabilitacao-oral\/#breadcrumb"},"inLanguage":"pt-BR","potentialAction":[{"@type":"ReadAction","target":["https:\/\/abosorocaba.com.br\/profissionais\/ortodontia-pre-protetica-na-reabilitacao-oral\/"]}]},{"@type":"ImageObject","inLanguage":"pt-BR","@id":"https:\/\/abosorocaba.com.br\/profissionais\/ortodontia-pre-protetica-na-reabilitacao-oral\/#primaryimage","url":"https:\/\/abosorocaba.com.br\/profissionais\/wp-content\/uploads\/2026\/04\/ABOSOROCABA_DENTISTAS_THUMB_BLOG_09_ORTODONTIA_V1_KETELIN.png","contentUrl":"https:\/\/abosorocaba.com.br\/profissionais\/wp-content\/uploads\/2026\/04\/ABOSOROCABA_DENTISTAS_THUMB_BLOG_09_ORTODONTIA_V1_KETELIN.png","width":850,"height":350,"caption":"ortodontia pr\u00e9-protetica"},{"@type":"BreadcrumbList","@id":"https:\/\/abosorocaba.com.br\/profissionais\/ortodontia-pre-protetica-na-reabilitacao-oral\/#breadcrumb","itemListElement":[{"@type":"ListItem","position":1,"name":"In\u00edcio","item":"https:\/\/abosorocaba.com.br\/profissionais\/"},{"@type":"ListItem","position":2,"name":"Ortodontia pr\u00e9-prot\u00e9tica na reabilita\u00e7\u00e3o oral"}]},{"@type":"WebSite","@id":"https:\/\/abosorocaba.com.br\/profissionais\/#website","url":"https:\/\/abosorocaba.com.br\/profissionais\/","name":"ABO Sorocaba","description":"Cursos para profissionais de odontologia","publisher":{"@id":"https:\/\/abosorocaba.com.br\/profissionais\/#organization"},"potentialAction":[{"@type":"SearchAction","target":{"@type":"EntryPoint","urlTemplate":"https:\/\/abosorocaba.com.br\/profissionais\/?s={search_term_string}"},"query-input":{"@type":"PropertyValueSpecification","valueRequired":true,"valueName":"search_term_string"}}],"inLanguage":"pt-BR"},{"@type":"Organization","@id":"https:\/\/abosorocaba.com.br\/profissionais\/#organization","name":"ABO SOROCABA","url":"https:\/\/abosorocaba.com.br\/profissionais\/","logo":{"@type":"ImageObject","inLanguage":"pt-BR","@id":"https:\/\/abosorocaba.com.br\/profissionais\/#\/schema\/logo\/image\/","url":"https:\/\/abosorocaba.com.br\/profissionais\/wp-content\/uploads\/2020\/09\/logo-abo-sorocaba.png","contentUrl":"https:\/\/abosorocaba.com.br\/profissionais\/wp-content\/uploads\/2020\/09\/logo-abo-sorocaba.png","width":130,"height":65,"caption":"ABO SOROCABA"},"image":{"@id":"https:\/\/abosorocaba.com.br\/profissionais\/#\/schema\/logo\/image\/"}},{"@type":"Person","@id":"https:\/\/abosorocaba.com.br\/profissionais\/#\/schema\/person\/a1f19a4f529074adef6f32a26fb9a645","name":"admin","image":{"@type":"ImageObject","inLanguage":"pt-BR","@id":"https:\/\/secure.gravatar.com\/avatar\/0e2c3a8014580fc997a980dc341023f0b20296f2ac68a8f2e29ea4242ad6a404?s=96&d=mm&r=g","url":"https:\/\/secure.gravatar.com\/avatar\/0e2c3a8014580fc997a980dc341023f0b20296f2ac68a8f2e29ea4242ad6a404?s=96&d=mm&r=g","contentUrl":"https:\/\/secure.gravatar.com\/avatar\/0e2c3a8014580fc997a980dc341023f0b20296f2ac68a8f2e29ea4242ad6a404?s=96&d=mm&r=g","caption":"admin"},"sameAs":["https:\/\/abosorocaba.com.br\/profissionais\/abo-site-2020"],"url":"https:\/\/abosorocaba.com.br\/profissionais\/author\/admin\/"}]}},"_links":{"self":[{"href":"https:\/\/abosorocaba.com.br\/profissionais\/wp-json\/wp\/v2\/posts\/10499","targetHints":{"allow":["GET"]}}],"collection":[{"href":"https:\/\/abosorocaba.com.br\/profissionais\/wp-json\/wp\/v2\/posts"}],"about":[{"href":"https:\/\/abosorocaba.com.br\/profissionais\/wp-json\/wp\/v2\/types\/post"}],"author":[{"embeddable":true,"href":"https:\/\/abosorocaba.com.br\/profissionais\/wp-json\/wp\/v2\/users\/1"}],"replies":[{"embeddable":true,"href":"https:\/\/abosorocaba.com.br\/profissionais\/wp-json\/wp\/v2\/comments?post=10499"}],"version-history":[{"count":4,"href":"https:\/\/abosorocaba.com.br\/profissionais\/wp-json\/wp\/v2\/posts\/10499\/revisions"}],"predecessor-version":[{"id":10505,"href":"https:\/\/abosorocaba.com.br\/profissionais\/wp-json\/wp\/v2\/posts\/10499\/revisions\/10505"}],"wp:featuredmedia":[{"embeddable":true,"href":"https:\/\/abosorocaba.com.br\/profissionais\/wp-json\/wp\/v2\/media\/10500"}],"wp:attachment":[{"href":"https:\/\/abosorocaba.com.br\/profissionais\/wp-json\/wp\/v2\/media?parent=10499"}],"wp:term":[{"taxonomy":"category","embeddable":true,"href":"https:\/\/abosorocaba.com.br\/profissionais\/wp-json\/wp\/v2\/categories?post=10499"},{"taxonomy":"post_tag","embeddable":true,"href":"https:\/\/abosorocaba.com.br\/profissionais\/wp-json\/wp\/v2\/tags?post=10499"}],"curies":[{"name":"wp","href":"https:\/\/api.w.org\/{rel}","templated":true}]}}